{"id":5924,"date":"2019-11-14T12:00:45","date_gmt":"2019-11-14T11:00:45","guid":{"rendered":"https:\/\/theo.renaudie.fr\/?p=5924"},"modified":"2019-11-14T12:00:45","modified_gmt":"2019-11-14T11:00:45","slug":"nous-les-arbres","status":"publish","type":"post","link":"https:\/\/avocat.renaudie.fr\/fr\/nous-les-arbres\/","title":{"rendered":"Nous les arbres"},"content":{"rendered":"\n<div class=\"wp-block-group is-layout-flow wp-block-group-is-layout-flow\">\n<h3 class=\"wp-block-heading\">Pr\u00e9sentation de l&rsquo;exposition<\/h3>\n\n\n\n<p>Depuis le 12 juillet 2019 et jusqu&rsquo;au 5 janvier 2020, la <a href=\"https:\/\/www.fondationcartier.com\" target=\"_blank\" rel=\"noopener\">Fondation Cartier pour l&rsquo;art contemporain<\/a> h\u00e9berge l&rsquo;exposition<a href=\"https:\/\/www.fondationcartier.com\/expositions\/nous-les-arbres\" target=\"_blank\" rel=\"noopener\"> \u00ab&nbsp;Nous les Arbres&nbsp;\u00bb <\/a>r\u00e9unissant des \u0153uvres d&rsquo;artistes sensibles \u00e0 leurs semblables bois\u00e9s.<\/p>\n\n\n\n<p>Les premiers pas dans le jardin de la Fondation contrastent avec le boulevard qui le jouxte. Les deux sont autant artificiels l&rsquo;un que l&rsquo;autre, mais l&rsquo;un est le fruit d&rsquo;une plus grande recherche esth\u00e9tique recr\u00e9ant la sensation d&rsquo;une for\u00eat sauvage, \u00ab une \u0153uvre command\u00e9e \u00e0 l\u2019artiste Lothar Baumgartem [empruntant] son nom, <em>Theatrum Botanicum<\/em>, aux livres dans lesquels les moines inventoriaient les plantes m\u00e9dicinales et aromatiques au Moyen \u00c2ge \u00bb explique&nbsp;<a href=\"https:\/\/www.fondationcartier.com\/jardin\" target=\"_blank\" rel=\"noopener\">la page d\u00e9di\u00e9e du site de la Fondation<\/a>. Le <a href=\"https:\/\/jardin.fondationcartier.com\/fr\/165994\/the-trees-of-the-garden\" target=\"_blank\" rel=\"noopener\">plan d\u00e9taill\u00e9 du jardin<\/a> d\u00e9signe les vingt-quatre essences retenues par l&rsquo;installateur, botaniste pour l&rsquo;occasion.<\/p>\n\n\n\n<p>Cette premi\u00e8re \u00e9tape de conditionnement r\u00e9alis\u00e9e, notamment par le passage au calme c\u00f4t\u00e9 cour, l&rsquo;entr\u00e9e du b\u00e2timent peut \u00eatre franchie pour se pr\u00e9senter aux toiles, photographies et sculptures que les salles d&rsquo;exposition arborent pour l&rsquo;occasion.<\/p>\n\n\n\n<p>Dans la premi\u00e8re salle, s&rsquo;agencent autour d&rsquo;un arbuste aux allures de grand bonsa\u00ef les toiles richement color\u00e9es de Luiz Zerbini. Savante g\u00e9om\u00e9trie plastique et organique, les gigantesques panneaux donnent \u00e0 voir une nature r\u00e9siliente, o\u00f9 les plantes tropicales apparaissent en symbiose avec les mat\u00e9riaux artificiels.<\/p>\n<\/div>\n\n\n\n<div class=\"wp-block-image\"><figure class=\"aligncenter size-large\"><img decoding=\"async\" src=\"https:\/\/theo.renaudie.fr\/wp-content\/uploads\/2019\/11\/IMG_7618-scaled-e1573849185967-1024x679.jpg\" alt=\"\" class=\"wp-image-6003\"\/><figcaption> Luiz Zerbini, Coisas do Mundo, 2018, peinture acrylique sur toile, 250 \u00d7 361 cm, Fondation Cartier pour l&rsquo;art contemporain, Paris, France. \u00a9 Luiz Zerbini<\/figcaption><\/figure><\/div>\n\n\n<p>Aux c\u00f4t\u00e9s de ces toiles quadrill\u00e9es figurent les natures de Joseca, habitant d&rsquo;un village yanomami d&rsquo;Amazonie br\u00e9silienne. Ces dessins au feutre d&rsquo;une grande limpidit\u00e9 repr\u00e9sentent sobrement les arbres et parfois les animaux auxquels les villageois vouent un immense respect, partie m\u00eame de leur \u00eatre.<\/p>\n<p>Enfin, au sous-sol, l&rsquo;espace photographie rappelle au visiteur que la nature se passe de pinceaux pour \u00eatre sublim\u00e9e. Sous l&rsquo;\u0153il min\u00e9ral d&rsquo;objectifs plus ou moins lointains, n\u0153uds, branches, arbres et for\u00eats se fixent r\u00e9v\u00e9lant enchev\u00eatrements po\u00e9tiques et r\u00e9alit\u00e9s complexes lorsque l&rsquo;image est celle d&rsquo;un satellite r\u00e9pertoriant les incendies tropicaux \u00e0 l&rsquo;\u00e9chelle du globe.<\/p>\n<hr>\n<p>Adapt\u00e9 pour la for\u00eat amazonienne fran\u00e7aise par&nbsp;<a href=\"https:\/\/www.legifrance.gouv.fr\/affichTexte.do?cidTexte=JORFTEXT000000261647&amp;categorieLien=cid\" target=\"_blank\" rel=\"noopener\">l&rsquo;ordonnance n\u00b0 2005-867 du 28 juillet 2005 portant actualisation et adaptation du droit domanial, du droit foncier et du droit forestier applicables en Guyane<\/a>, le titre II du <a href=\"https:\/\/www.legifrance.gouv.fr\/affichCode.do;jsessionid=2AE5917CDCC153CBA21A9A2EC6FC6F99.tplgfr44s_1?cidTexte=LEGITEXT000006071514&amp;dateTexte=20091117\" target=\"_blank\" rel=\"noopener\">Code forestier<\/a> est enti\u00e8rement consacr\u00e9 \u00e0 la D\u00e9fense et la lutte contre les incendies, <a href=\"https:\/\/www.legifrance.gouv.fr\/affichCodeArticle.do?idArticle=LEGIARTI000006610888&amp;cidTexte=LEGITEXT000006071514&amp;dateTexte=20091117\" target=\"_blank\" rel=\"noopener\">l&rsquo;article L322-9<\/a> de ce code pr\u00e9voyant une peine pouvant aller jusqu&rsquo;\u00e0 deux ans d&#8217;emprisonnement et 3750\u20ac d&rsquo;amende contre ceux qui ont caus\u00e9 un incendie de bois, for\u00eats, landes, maquis, plantations et reboisements d&rsquo;autrui par leur action ou leur imprudence. Peine pouvant \u00eatre port\u00e9e au double en cas d&rsquo;inaction du fautif malgr\u00e9 sa connaissance de l&rsquo;incendie caus\u00e9 par lui notamment par l&rsquo;omission de signaler le feu aux autorit\u00e9s en cas d&rsquo;impossibilit\u00e9 \u00e0 le circonscrire seul.<\/p>","protected":false},"excerpt":{"rendered":"<p>Pr\u00e9sentation de l&rsquo;exposition Depuis le 12 juillet 2019 et jusqu&rsquo;au 5 janvier 2020, la Fondation Cartier pour l&rsquo;art contemporain h\u00e9berge l&rsquo;exposition \u00ab&nbsp;Nous les Arbres&nbsp;\u00bb r\u00e9unissant des \u0153uvres d&rsquo;artistes sensibles \u00e0 leurs semblables bois\u00e9s. Les premiers pas dans le jardin de la Fondation contrastent avec le boulevard qui le jouxte. Les deux sont autant artificiels l&rsquo;un [&hellip;]<\/p>\n","protected":false},"author":2,"featured_media":6366,"comment_status":"closed","ping_status":"closed","sticky":false,"template":"","format":"standard","meta":{"_et_pb_use_builder":"","_et_pb_old_content":"","_et_gb_content_width":"","footnotes":""},"categories":[21],"tags":[],"class_list":["post-5924","post","type-post","status-publish","format-standard","has-post-thumbnail","hentry","category-non-classe"],"_links":{"self":[{"href":"https:\/\/avocat.renaudie.fr\/fr\/wp-json\/wp\/v2\/posts\/5924","targetHints":{"allow":["GET"]}}],"collection":[{"href":"https:\/\/avocat.renaudie.fr\/fr\/wp-json\/wp\/v2\/posts"}],"about":[{"href":"https:\/\/avocat.renaudie.fr\/fr\/wp-json\/wp\/v2\/types\/post"}],"author":[{"embeddable":true,"href":"https:\/\/avocat.renaudie.fr\/fr\/wp-json\/wp\/v2\/users\/2"}],"replies":[{"embeddable":true,"href":"https:\/\/avocat.renaudie.fr\/fr\/wp-json\/wp\/v2\/comments?post=5924"}],"version-history":[{"count":0,"href":"https:\/\/avocat.renaudie.fr\/fr\/wp-json\/wp\/v2\/posts\/5924\/revisions"}],"wp:featuredmedia":[{"embeddable":true,"href":"https:\/\/avocat.renaudie.fr\/fr\/wp-json\/wp\/v2\/media\/6366"}],"wp:attachment":[{"href":"https:\/\/avocat.renaudie.fr\/fr\/wp-json\/wp\/v2\/media?parent=5924"}],"wp:term":[{"taxonomy":"category","embeddable":true,"href":"https:\/\/avocat.renaudie.fr\/fr\/wp-json\/wp\/v2\/categories?post=5924"},{"taxonomy":"post_tag","embeddable":true,"href":"https:\/\/avocat.renaudie.fr\/fr\/wp-json\/wp\/v2\/tags?post=5924"}],"curies":[{"name":"wp","href":"https:\/\/api.w.org\/{rel}","templated":true}]}}